{"id":1674,"date":"2026-02-26T11:22:02","date_gmt":"2026-02-26T08:22:02","guid":{"rendered":"https:\/\/aslitarcanglobal.com\/?p=1674"},"modified":"2026-02-26T13:41:16","modified_gmt":"2026-02-26T10:41:16","slug":"sac-ekimi-sonrasi-sac-kusmesi","status":"publish","type":"post","link":"https:\/\/aslitarcanglobal.com\/tr\/sac-ekimi-sonrasi-sac-kusmesi\/","title":{"rendered":"Sa\u00e7 Ekimi Sonras\u0131 Sa\u00e7 K\u00fcsmesi"},"content":{"rendered":"<p>Sa\u00e7 ekimi sonras\u0131 iyile\u015fme s\u00fcreci ki\u015fiden ki\u015fiye farkl\u0131l\u0131k g\u00f6stermekle birlikte, bir\u00e7ok hasta i\u015flemden sonra belirli bir d\u00f6nemde \u201csa\u00e7 k\u00fcsmesi\u201d olarak bilinen ge\u00e7ici bir durumla kar\u015f\u0131la\u015fabilir. Bu terim, \u00f6zellikle sa\u00e7 ekiminden sonra hem ekilen hem de mevcut sa\u00e7lar\u0131n ge\u00e7ici olarak d\u00f6k\u00fclmesini tan\u0131mlamak i\u00e7in kullan\u0131l\u0131r. Sa\u00e7 k\u00fcsmesi, sa\u00e7 k\u00f6klerinin ya\u015fad\u0131\u011f\u0131 travmaya kar\u015f\u0131 verdi\u011fi do\u011fal bir tepki olup, genellikle kal\u0131c\u0131 bir sorun de\u011fildir.<\/p>\n<p>Ancak bu s\u00fcreci bilmemek, ekim yapt\u0131ran ki\u015filerde panik, endi\u015fe ve memnuniyetsizlik yaratabilir. Sa\u00e7lar\u0131n ge\u00e7ici olarak d\u00f6k\u00fclmesi \u00e7o\u011fu zaman sa\u011fl\u0131kl\u0131 bir b\u00fcy\u00fcme d\u00f6ng\u00fcs\u00fcn\u00fcn par\u00e7as\u0131d\u0131r ve do\u011fru bak\u0131m ile yeniden sa\u00e7 \u00e7\u0131k\u0131\u015f\u0131 m\u00fcmk\u00fcn olur. Bu nedenle sa\u00e7 k\u00fcsmesini do\u011fru anlamak, <a href=\"https:\/\/aslitarcanglobal.com\/tr\/sac-ekimi\/\">sa\u00e7 ekimi<\/a> s\u00fcrecinin do\u011fal bir par\u00e7as\u0131 oldu\u011funu bilmek ve sab\u0131rl\u0131 olmak, ba\u015far\u0131l\u0131 ve kal\u0131c\u0131 sonu\u00e7lar i\u00e7in olduk\u00e7a \u00f6nemlidir.<\/p>\n<div id=\"ez-toc-container\" class=\"ez-toc-v2_0_82_2 counter-hierarchy ez-toc-counter ez-toc-grey ez-toc-container-direction\">\n<div class=\"ez-toc-title-container\">\n<p class=\"ez-toc-title\" style=\"cursor:inherit\">Table of Contents<\/p>\n<span class=\"ez-toc-title-toggle\"><\/span><\/div>\n<nav><ul class='ez-toc-list ez-toc-list-level-1 ' ><li class='ez-toc-page-1 ez-toc-heading-level-2'><a class=\"ez-toc-link ez-toc-heading-1\" href=\"#\" data-href=\"https:\/\/aslitarcanglobal.com\/tr\/sac-ekimi-sonrasi-sac-kusmesi\/#Sac_Kusmesi_Neden_Olur\" >Sa\u00e7 K\u00fcsmesi Neden Olur?<\/a><\/li><li class='ez-toc-page-1 ez-toc-heading-level-2'><a class=\"ez-toc-link ez-toc-heading-2\" href=\"#\" data-href=\"https:\/\/aslitarcanglobal.com\/tr\/sac-ekimi-sonrasi-sac-kusmesi\/#Sac_Ekimi_Sonrasi_Kusme_Normal_mi\" >Sa\u00e7 Ekimi Sonras\u0131 K\u00fcsme Normal mi?<\/a><\/li><li class='ez-toc-page-1 ez-toc-heading-level-2'><a class=\"ez-toc-link ez-toc-heading-3\" href=\"#\" data-href=\"https:\/\/aslitarcanglobal.com\/tr\/sac-ekimi-sonrasi-sac-kusmesi\/#Kusme_Evresinde_Saclar_Tekrar_Cikar_mi\" >K\u00fcsme Evresinde Sa\u00e7lar Tekrar \u00c7\u0131kar m\u0131?<\/a><\/li><li class='ez-toc-page-1 ez-toc-heading-level-2'><a class=\"ez-toc-link ez-toc-heading-4\" href=\"#\" data-href=\"https:\/\/aslitarcanglobal.com\/tr\/sac-ekimi-sonrasi-sac-kusmesi\/#Sac_Kusmesi_ile_Kalici_Dokulme_Arasindaki_Fark_Nedir\" >Sa\u00e7 K\u00fcsmesi ile Kal\u0131c\u0131 D\u00f6k\u00fclme Aras\u0131ndaki Fark Nedir?<\/a><\/li><li class='ez-toc-page-1 ez-toc-heading-level-2'><a class=\"ez-toc-link ez-toc-heading-5\" href=\"#\" data-href=\"https:\/\/aslitarcanglobal.com\/tr\/sac-ekimi-sonrasi-sac-kusmesi\/#Sac_Ekimi_Sonrasi_Sac_Kusmesini_Onlemek_Icin_Neler_Yapilmali\" >Sa\u00e7 Ekimi Sonras\u0131 Sa\u00e7 K\u00fcsmesini \u00d6nlemek \u0130\u00e7in Neler Yap\u0131lmal\u0131?<\/a><\/li><li class='ez-toc-page-1 ez-toc-heading-level-2'><a class=\"ez-toc-link ez-toc-heading-6\" href=\"#\" data-href=\"https:\/\/aslitarcanglobal.com\/tr\/sac-ekimi-sonrasi-sac-kusmesi\/#Sac_Kusmesi_Ne_Kadar_Surer\" >Sa\u00e7 K\u00fcsmesi Ne Kadar S\u00fcrer?<\/a><\/li><li class='ez-toc-page-1 ez-toc-heading-level-2'><a class=\"ez-toc-link ez-toc-heading-7\" href=\"#\" data-href=\"https:\/\/aslitarcanglobal.com\/tr\/sac-ekimi-sonrasi-sac-kusmesi\/#Sik_Sorulan_Sorular\" >S\u0131k Sorulan Sorular<\/a><ul class='ez-toc-list-level-3' ><li class='ez-toc-heading-level-3'><a class=\"ez-toc-link ez-toc-heading-8\" href=\"#\" data-href=\"https:\/\/aslitarcanglobal.com\/tr\/sac-ekimi-sonrasi-sac-kusmesi\/#Kusme_yasayan_saclar_ne_zaman_geri_cikar\" >K\u00fcsme ya\u015fayan sa\u00e7lar ne zaman geri \u00e7\u0131kar?<\/a><\/li><li class='ez-toc-page-1 ez-toc-heading-level-3'><a class=\"ez-toc-link ez-toc-heading-9\" href=\"#\" data-href=\"https:\/\/aslitarcanglobal.com\/tr\/sac-ekimi-sonrasi-sac-kusmesi\/#Sac_kusmesi_kalici_midir\" >Sa\u00e7 k\u00fcsmesi kal\u0131c\u0131 m\u0131d\u0131r?<\/a><\/li><li class='ez-toc-page-1 ez-toc-heading-level-3'><a class=\"ez-toc-link ez-toc-heading-10\" href=\"#\" data-href=\"https:\/\/aslitarcanglobal.com\/tr\/sac-ekimi-sonrasi-sac-kusmesi\/#Her_sac_ekimi_yaptiran_mutlaka_sac_kusmesi_yasar_mi\" >Her sa\u00e7 ekimi yapt\u0131ran mutlaka sa\u00e7 k\u00fcsmesi ya\u015far m\u0131?<\/a><\/li><li class='ez-toc-page-1 ez-toc-heading-level-3'><a class=\"ez-toc-link ez-toc-heading-11\" href=\"#\" data-href=\"https:\/\/aslitarcanglobal.com\/tr\/sac-ekimi-sonrasi-sac-kusmesi\/#Sac_ekiminden_sonra_sac_kusmesi_kacinci_haftada_olur\" >Sa\u00e7 ekiminden sonra sa\u00e7 k\u00fcsmesi ka\u00e7\u0131nc\u0131 haftada olur?<\/a><\/li><li class='ez-toc-page-1 ez-toc-heading-level-3'><a class=\"ez-toc-link ez-toc-heading-12\" href=\"#\" data-href=\"https:\/\/aslitarcanglobal.com\/tr\/sac-ekimi-sonrasi-sac-kusmesi\/#Kusme_doneminde_ne_yapilmali_ne_yapilmamali\" >K\u00fcsme d\u00f6neminde ne yap\u0131lmal\u0131, ne yap\u0131lmamal\u0131?<\/a><\/li><li class='ez-toc-page-1 ez-toc-heading-level-3'><a class=\"ez-toc-link ez-toc-heading-13\" href=\"#\" data-href=\"https:\/\/aslitarcanglobal.com\/tr\/sac-ekimi-sonrasi-sac-kusmesi\/#Sac_kusmesini_onlemek_icin_PRP_sart_mi\" >Sa\u00e7 k\u00fcsmesini \u00f6nlemek i\u00e7in PRP \u015fart m\u0131?<\/a><\/li><li class='ez-toc-page-1 ez-toc-heading-level-3'><a class=\"ez-toc-link ez-toc-heading-14\" href=\"#\" data-href=\"https:\/\/aslitarcanglobal.com\/tr\/sac-ekimi-sonrasi-sac-kusmesi\/#Sac_kusmesiyle_greft_tutmamasi_ayni_sey_mi\" >Sa\u00e7 k\u00fcsmesiyle greft tutmamas\u0131 ayn\u0131 \u015fey mi?<\/a><\/li><li class='ez-toc-page-1 ez-toc-heading-level-3'><a class=\"ez-toc-link ez-toc-heading-15\" href=\"#\" data-href=\"https:\/\/aslitarcanglobal.com\/tr\/sac-ekimi-sonrasi-sac-kusmesi\/#Kusme_doneminde_sac_tirasi_yapilir_mi\" >K\u00fcsme d\u00f6neminde sa\u00e7 t\u0131ra\u015f\u0131 yap\u0131l\u0131r m\u0131?<\/a><\/li><li class='ez-toc-page-1 ez-toc-heading-level-3'><a class=\"ez-toc-link ez-toc-heading-16\" href=\"#\" data-href=\"https:\/\/aslitarcanglobal.com\/tr\/sac-ekimi-sonrasi-sac-kusmesi\/#Kusme_doneminde_sac_dokulmesi_ne_kadar_olur\" >K\u00fcsme d\u00f6neminde sa\u00e7 d\u00f6k\u00fclmesi ne kadar olur?<\/a><\/li><li class='ez-toc-page-1 ez-toc-heading-level-3'><a class=\"ez-toc-link ez-toc-heading-17\" href=\"#\" data-href=\"https:\/\/aslitarcanglobal.com\/tr\/sac-ekimi-sonrasi-sac-kusmesi\/#Kusme_evresinden_sonra_sac_daha_guclu_mu_cikar\" >K\u00fcsme evresinden sonra sa\u00e7 daha g\u00fc\u00e7l\u00fc m\u00fc \u00e7\u0131kar?<\/a><\/li><\/ul><\/li><\/ul><\/nav><\/div>\n<h2><span class=\"ez-toc-section\" id=\"Sac_Kusmesi_Neden_Olur\"><\/span>Sa\u00e7 K\u00fcsmesi Neden Olur?<span class=\"ez-toc-section-end\"><\/span><\/h2>\n<p>Sa\u00e7 k\u00fcsmesi, sa\u00e7 k\u00f6klerinin maruz kald\u0131\u011f\u0131 stres ve travma nedeniyle ge\u00e7ici olarak sa\u00e7 \u00fcretimini durdurmas\u0131 durumudur. \u00d6zellikle sa\u00e7 ekimi sonras\u0131nda sa\u00e7l\u0131 deriye yap\u0131lan mikro kesiler, anestezi uygulamalar\u0131 ve operasyon s\u00fcrecinde ya\u015fanan fiziksel etki, hem ekilen hem de \u00e7evredeki mevcut sa\u00e7 k\u00f6klerini etkileyebilir. Bu durumda sa\u00e7 k\u00f6kleri kendini korumaya almak i\u00e7in ge\u00e7ici bir dinlenme evresine, yani telojen faza girer.<\/p>\n<p>K\u00f6kler bu d\u00f6nemde sa\u00e7 \u00fcretmez; bunun yerine d\u00f6k\u00fclme ya\u015fan\u0131r. Buna v\u00fccudun do\u011fal bir savunma mekanizmas\u0131 olarak bakmak gerekir. Sa\u00e7 k\u00fcsmesi genellikle kal\u0131c\u0131 de\u011fildir ve k\u00f6kler iyile\u015ftikten sonra yeniden sa\u00e7 \u00fcretmeye ba\u015flar.<\/p>\n<h2><span class=\"ez-toc-section\" id=\"Sac_Ekimi_Sonrasi_Kusme_Normal_mi\"><\/span>Sa\u00e7 Ekimi Sonras\u0131 K\u00fcsme Normal mi?<span class=\"ez-toc-section-end\"><\/span><\/h2>\n<p>Evet, sa\u00e7 ekimi sonras\u0131 k\u00fcsme son derece yayg\u0131n ve beklenen bir durumdur. Ekim yap\u0131lan her 10 ki\u015fiden 8\u2019i bu s\u00fcreci deneyimler. \u00d6zellikle ilk 2 ila 6 hafta aras\u0131nda ekilen sa\u00e7lar\u0131n b\u00fcy\u00fck k\u0131sm\u0131n\u0131n d\u00f6k\u00fclmesi, sa\u00e7 ekimi s\u00fcrecinin do\u011fal bir par\u00e7as\u0131d\u0131r. Bu durum, sa\u00e7 k\u00f6klerinin tutunmas\u0131ndan sonra gelen dinlenme evresini temsil eder.<\/p>\n<p>Pek \u00e7ok hasta bu a\u015famada sa\u00e7lar\u0131n\u0131n tutmad\u0131\u011f\u0131n\u0131 ya da i\u015flem ba\u015far\u0131s\u0131z oldu\u011funu d\u00fc\u015f\u00fcnebilir. Ancak bu evredeki d\u00f6k\u00fclme, kal\u0131c\u0131 de\u011fil ge\u00e7icidir. Greftlerin k\u00f6kleri yerinde kald\u0131\u011f\u0131 s\u00fcrece yeni sa\u00e7 olu\u015fumu belirli bir s\u00fcrede yeniden ba\u015flayacakt\u0131r.<\/p>\n<h2><span class=\"ez-toc-section\" id=\"Kusme_Evresinde_Saclar_Tekrar_Cikar_mi\"><\/span>K\u00fcsme Evresinde Sa\u00e7lar Tekrar \u00c7\u0131kar m\u0131?<span class=\"ez-toc-section-end\"><\/span><\/h2>\n<p>K\u00fcsme evresinde d\u00f6k\u00fclen sa\u00e7lar, k\u00f6kler sa\u011fl\u0131kl\u0131 \u015fekilde tutunduysa genellikle tekrar \u00e7\u0131kar. Bu s\u00fcre\u00e7te sa\u00e7 k\u00f6kleri dinlenme faz\u0131na ge\u00e7tikten sonra anajen yani aktif b\u00fcy\u00fcme evresine girer. Yeni sa\u00e7lar\u0131n \u00e7\u0131k\u0131\u015f\u0131 genellikle 2. aydan sonra ba\u015flar ve 6. aydan itibaren daha belirgin hale gelir. 12. ayda ise ekilen sa\u00e7lar\u0131n b\u00fcy\u00fck \u00e7o\u011funlu\u011fu g\u00f6r\u00fcn\u00fcr durumdad\u0131r.<\/p>\n<p>Dolay\u0131s\u0131yla sa\u00e7 k\u00fcsmesi ya\u015fanmas\u0131, sa\u00e7lar\u0131n kal\u0131c\u0131 olarak d\u00f6k\u00fclece\u011fi anlam\u0131na gelmez. S\u00fcrecin do\u011fas\u0131na uygun olarak sab\u0131rl\u0131 olmak ve sa\u00e7 derisini koruyarak bak\u0131m rutinlerine devam etmek, bu ge\u00e7ici evrenin sa\u011fl\u0131kl\u0131 atlat\u0131lmas\u0131n\u0131 sa\u011flar.<\/p>\n<h2><span class=\"ez-toc-section\" id=\"Sac_Kusmesi_ile_Kalici_Dokulme_Arasindaki_Fark_Nedir\"><\/span>Sa\u00e7 K\u00fcsmesi ile Kal\u0131c\u0131 D\u00f6k\u00fclme Aras\u0131ndaki Fark Nedir?<span class=\"ez-toc-section-end\"><\/span><\/h2>\n<p>Sa\u00e7 k\u00fcsmesi ge\u00e7ici bir durumdur ve sa\u00e7 k\u00f6klerinin canl\u0131 kalmaya devam etti\u011fi bir s\u00fcreci ifade eder. K\u00f6kler \u00fcretimi durdursa bile yeniden sa\u00e7 \u00fcretme kapasitesini kaybetmemi\u015ftir. Kal\u0131c\u0131 d\u00f6k\u00fclmede ise sa\u00e7 k\u00f6kleri \u00f6lm\u00fc\u015ft\u00fcr ve bu b\u00f6lgede yeni sa\u00e7 \u00e7\u0131k\u0131\u015f\u0131 m\u00fcmk\u00fcn olmaz. Kal\u0131c\u0131 d\u00f6k\u00fclme genellikle genetik yatk\u0131nl\u0131k, hormonal bozukluklar ya da ilerlemi\u015f sa\u00e7 hastal\u0131klar\u0131na ba\u011fl\u0131 olarak geli\u015fir.<\/p>\n<p>Sa\u00e7 k\u00fcsmesinde zamanla sa\u00e7lar yeniden \u00e7\u0131kar ve ekim sonucu g\u00f6r\u00fcn\u00fcr hale gelirken, kal\u0131c\u0131 d\u00f6k\u00fclmede bu t\u00fcr bir geri d\u00f6n\u00fc\u015f beklenmez. Sa\u00e7 ekimi sonras\u0131 ya\u015fanan d\u00f6k\u00fclme, zamanlamas\u0131 ve d\u00f6k\u00fclmenin tipi analiz edilerek ge\u00e7ici mi kal\u0131c\u0131 m\u0131 oldu\u011fu ay\u0131rt edilebilir.<\/p>\n<h2><span class=\"ez-toc-section\" id=\"Sac_Ekimi_Sonrasi_Sac_Kusmesini_Onlemek_Icin_Neler_Yapilmali\"><\/span>Sa\u00e7 Ekimi Sonras\u0131 Sa\u00e7 K\u00fcsmesini \u00d6nlemek \u0130\u00e7in Neler Yap\u0131lmal\u0131?<span class=\"ez-toc-section-end\"><\/span><\/h2>\n<p>Sa\u00e7 k\u00fcsmesini tamamen \u00f6nlemek her zaman m\u00fcmk\u00fcn olmasa da, etkilerini azaltmak ve s\u00fcreci daha sa\u011fl\u0131kl\u0131 ge\u00e7irmek i\u00e7in baz\u0131 \u00f6nlemler al\u0131nabilir. \u00d6ncelikle sa\u00e7 derisine nazik davranmak, ilk g\u00fcnlerde b\u00f6lgeye fiziksel temas ettirmemek ve doktorun \u00f6nerdi\u011fi \u015fekilde bak\u0131m rutinini uygulamak gerekir. Sigara ve alkol gibi sa\u00e7 k\u00f6k\u00fc dola\u015f\u0131m\u0131n\u0131 bozan al\u0131\u015fkanl\u0131klardan uzak durulmal\u0131d\u0131r.<\/p>\n<p>Ayr\u0131ca stresin de sa\u00e7 d\u00f6ng\u00fcs\u00fcn\u00fc olumsuz etkileyebilece\u011fi unutulmamal\u0131, bu s\u00fcre\u00e7te dinlenmeye ve zihinsel rahatl\u0131\u011fa \u00f6zen g\u00f6sterilmelidir. Vitamin ve mineral deste\u011fi, \u00f6zellikle sa\u00e7\u0131n ihtiyac\u0131 olan biotin, \u00e7inko ve demir gibi elementlerin takviyesi, sa\u00e7 k\u00f6klerinin h\u0131zl\u0131ca toparlanmas\u0131na katk\u0131 sa\u011flar. T\u00fcm bu uygulamalar, sa\u00e7 k\u00fcsmesinin etkilerini hafifletirken sa\u00e7 ekimi s\u00fcrecinin ba\u015far\u0131s\u0131n\u0131 da art\u0131r\u0131r.<\/p>\n<h2><span class=\"ez-toc-section\" id=\"Sac_Kusmesi_Ne_Kadar_Surer\"><\/span>Sa\u00e7 K\u00fcsmesi Ne Kadar S\u00fcrer?<span class=\"ez-toc-section-end\"><\/span><\/h2>\n<p>Sa\u00e7 k\u00fcsmesi genellikle sa\u00e7 ekimi sonras\u0131 ilk 2 ila 6 hafta i\u00e7inde ortaya \u00e7\u0131kar ve 2-3 ay kadar s\u00fcrebilir. Bu s\u00fcre\u00e7 ki\u015fisel \u00f6zelliklere, sa\u00e7 derisinin yap\u0131s\u0131na, kullan\u0131lan tekniklere ve uygulanan bak\u0131ma g\u00f6re de\u011fi\u015fiklik g\u00f6sterebilir. Baz\u0131 ki\u015filerde k\u00fcsme s\u00fcreci hafif ve k\u0131sa s\u00fcreli ya\u015fan\u0131rken, baz\u0131 hastalarda daha uzun s\u00fcrebilir.<\/p>\n<p>Genellikle 3. aydan itibaren yeni sa\u00e7 telleri \u00e7\u0131kmaya ba\u015flar ve 6. ayda g\u00f6zle g\u00f6r\u00fcl\u00fcr \u015fekilde uzayan sa\u00e7lar g\u00f6r\u00fcl\u00fcr. Sa\u00e7 ekimi sonu\u00e7lar\u0131n\u0131n tam anlam\u0131yla oturmas\u0131 ve sa\u00e7lar\u0131n maksimum yo\u011funlu\u011fa ula\u015fmas\u0131 ise 12 ila 18 ay\u0131 bulabilir. Bu nedenle sab\u0131rl\u0131 olmak, s\u00fcreci desteklemek ve uzman kontrol\u00fcnde ilerlemek son derece \u00f6nemlidir.<\/p>\n<h2><span class=\"ez-toc-section\" id=\"Sik_Sorulan_Sorular\"><\/span>S\u0131k Sorulan Sorular<span class=\"ez-toc-section-end\"><\/span><\/h2>\n<h3><span class=\"ez-toc-section\" id=\"Kusme_yasayan_saclar_ne_zaman_geri_cikar\"><\/span>K\u00fcsme ya\u015fayan sa\u00e7lar ne zaman geri \u00e7\u0131kar?<span class=\"ez-toc-section-end\"><\/span><\/h3>\n<p>K\u00fcsme d\u00f6neminde d\u00f6k\u00fclen sa\u00e7lar, sa\u00e7 k\u00f6klerinin tutunma s\u00fcrecini tamamlamas\u0131n\u0131n ard\u0131ndan yeniden \u00e7\u0131kmaya ba\u015flar. Genellikle 3. aydan itibaren ince ve yava\u015f uzayan sa\u00e7 telleri g\u00f6r\u00fcnmeye ba\u015flar. 6. ayda sa\u00e7lar\u0131n b\u00fcy\u00fck k\u0131sm\u0131 fark edilir hale gelirken, nihai g\u00f6r\u00fcn\u00fcm \u00e7o\u011fu zaman 12 ila 18 ay i\u00e7inde ortaya \u00e7\u0131kar. Bu s\u00fcre\u00e7te ki\u015fisel fakt\u00f6rler, kullan\u0131lan bak\u0131m \u00fcr\u00fcnleri ve medikal destekler sa\u00e7 \u00e7\u0131k\u0131\u015f h\u0131z\u0131n\u0131 etkileyebilir.<\/p>\n<h3><span class=\"ez-toc-section\" id=\"Sac_kusmesi_kalici_midir\"><\/span>Sa\u00e7 k\u00fcsmesi kal\u0131c\u0131 m\u0131d\u0131r?<span class=\"ez-toc-section-end\"><\/span><\/h3>\n<p>Hay\u0131r, sa\u00e7 k\u00fcsmesi kal\u0131c\u0131 bir durum de\u011fildir. Sa\u00e7 k\u00f6kleri canl\u0131 kald\u0131\u011f\u0131 s\u00fcrece, d\u00f6k\u00fclen sa\u00e7lar\u0131n tekrar \u00e7\u0131kmas\u0131 beklenir. Kal\u0131c\u0131 d\u00f6k\u00fclme ile sa\u00e7 k\u00fcsmesi aras\u0131ndaki temel fark budur. Sa\u00e7 k\u00fcsmesi ge\u00e7ici bir d\u00f6ng\u00fcd\u00fcr ve do\u011fru bak\u0131m ile desteklendi\u011finde sa\u011fl\u0131kl\u0131 \u015fekilde sonlan\u0131r. Ancak greftler do\u011fru yerle\u015fmemi\u015fse ya da enfeksiyon gibi komplikasyonlar ya\u015fanm\u0131\u015fsa, bu durum k\u00f6klere zarar vererek kal\u0131c\u0131 d\u00f6k\u00fclmelere yol a\u00e7abilir. Bu y\u00fczden s\u00fcreci uzman kontrol\u00fcnde ge\u00e7irmek \u00f6nemlidir.<\/p>\n<h3><span class=\"ez-toc-section\" id=\"Her_sac_ekimi_yaptiran_mutlaka_sac_kusmesi_yasar_mi\"><\/span>Her sa\u00e7 ekimi yapt\u0131ran mutlaka sa\u00e7 k\u00fcsmesi ya\u015far m\u0131?<span class=\"ez-toc-section-end\"><\/span><\/h3>\n<p>Her bireyde ayn\u0131 oranda sa\u00e7 k\u00fcsmesi ya\u015fanmaz. Baz\u0131 ki\u015filerde bu durum neredeyse hi\u00e7 g\u00f6r\u00fclmezken, baz\u0131lar\u0131nda yayg\u0131n d\u00f6k\u00fclme olabilir. Sa\u00e7 k\u00f6klerinin direnci, ki\u015finin metabolizmas\u0131, kullan\u0131lan sa\u00e7 ekimi tekni\u011fi ve sonras\u0131 bak\u0131m s\u00fcreci, sa\u00e7 k\u00fcsmesinin \u015fiddetini belirleyen fakt\u00f6rlerdendir. Ancak genel olarak sa\u00e7 ekimi yapt\u0131ran ki\u015filerin b\u00fcy\u00fck bir b\u00f6l\u00fcm\u00fc bu d\u00f6ng\u00fcden bir \u015fekilde ge\u00e7er. Bu, i\u015flemin ba\u015far\u0131s\u0131z oldu\u011fu anlam\u0131na gelmez; aksine, \u00e7o\u011fu zaman sa\u011fl\u0131kl\u0131 iyile\u015fme s\u00fcrecinin bir g\u00f6stergesidir.<\/p>\n<h3><span class=\"ez-toc-section\" id=\"Sac_ekiminden_sonra_sac_kusmesi_kacinci_haftada_olur\"><\/span>Sa\u00e7 ekiminden sonra sa\u00e7 k\u00fcsmesi ka\u00e7\u0131nc\u0131 haftada olur?<span class=\"ez-toc-section-end\"><\/span><\/h3>\n<p>Sa\u00e7 ekimi sonras\u0131nda sa\u00e7 k\u00fcsmesi genellikle 2. ila 6. haftalar aras\u0131nda g\u00f6r\u00fclmeye ba\u015flar. Bu s\u00fcre\u00e7te hem ekilen greftlerden \u00e7\u0131kan sa\u00e7 telleri hem de \u00e7evredeki mevcut sa\u00e7lar ge\u00e7ici olarak d\u00f6k\u00fclebilir. D\u00f6k\u00fclmenin ne zaman ba\u015flayaca\u011f\u0131 ki\u015fiden ki\u015fiye de\u011fi\u015fmekle birlikte, \u00e7o\u011fu hastada 3. hafta civar\u0131nda ilk belirtiler ortaya \u00e7\u0131kar. Bu, sa\u00e7 k\u00f6klerinin ge\u00e7ici bir dinlenme evresine ge\u00e7mesinden kaynakl\u0131 do\u011fal bir tepkidir ve genellikle endi\u015fe edilmesi gereken bir durum de\u011fildir.<\/p>\n<h3><span class=\"ez-toc-section\" id=\"Kusme_doneminde_ne_yapilmali_ne_yapilmamali\"><\/span>K\u00fcsme d\u00f6neminde ne yap\u0131lmal\u0131, ne yap\u0131lmamal\u0131?<span class=\"ez-toc-section-end\"><\/span><\/h3>\n<p>K\u00fcsme evresinde sa\u00e7 k\u00f6klerine nazik davran\u0131lmal\u0131, sa\u00e7l\u0131 deriye fiziksel bask\u0131 uygulayan hareketlerden ka\u00e7\u0131n\u0131lmal\u0131d\u0131r. Doktorun \u00f6nerdi\u011fi \u015fampuan ve y\u0131kama y\u00f6ntemi d\u0131\u015f\u0131na \u00e7\u0131k\u0131lmamal\u0131, sa\u00e7 derisine masaj yap\u0131lmamal\u0131d\u0131r. A\u015f\u0131r\u0131 s\u0131cak su, sert y\u0131kama, yo\u011fun g\u00fcne\u015f \u0131\u015f\u0131\u011f\u0131 ve kimyasal i\u00e7erikli \u00fcr\u00fcnler bu s\u00fcre\u00e7te cilt bariyerini zay\u0131flatabilir. Ayr\u0131ca sa\u011fl\u0131kl\u0131 beslenmek, bol su i\u00e7mek ve stresten uzak durmak da sa\u00e7 k\u00f6klerini destekleyici unsurlar aras\u0131nda yer al\u0131r.<\/p>\n<h3><span class=\"ez-toc-section\" id=\"Sac_kusmesini_onlemek_icin_PRP_sart_mi\"><\/span>Sa\u00e7 k\u00fcsmesini \u00f6nlemek i\u00e7in PRP \u015fart m\u0131?<span class=\"ez-toc-section-end\"><\/span><\/h3>\n<p>PRP (Platelet Rich Plasma) tedavisi sa\u00e7 k\u00f6klerini besleyip canland\u0131ran etkili bir y\u00f6ntemdir, ancak sa\u00e7 k\u00fcsmesini \u00f6nlemek i\u00e7in zorunlu de\u011fildir. PRP, sa\u00e7 k\u00fcsmesinin s\u00fcresini k\u0131saltabilir ve yeni sa\u00e7 olu\u015fumunu h\u0131zland\u0131rabilir. Ancak her bireyde PRP\u2019ye ihtiya\u00e7 duyulmaz. Baz\u0131 ki\u015filer yaln\u0131zca do\u011fru bak\u0131m ve takviye kullan\u0131m\u0131yla da sa\u011fl\u0131kl\u0131 bir iyile\u015fme s\u00fcreci ge\u00e7irebilir. PRP karar\u0131, ki\u015finin sa\u00e7 yap\u0131s\u0131na, d\u00f6k\u00fclme yo\u011funlu\u011funa ve doktorun de\u011ferlendirmesine ba\u011fl\u0131 olarak verilmelidir.<\/p>\n<h3><span class=\"ez-toc-section\" id=\"Sac_kusmesiyle_greft_tutmamasi_ayni_sey_mi\"><\/span>Sa\u00e7 k\u00fcsmesiyle greft tutmamas\u0131 ayn\u0131 \u015fey mi?<span class=\"ez-toc-section-end\"><\/span><\/h3>\n<p>Hay\u0131r, bu iki durum farkl\u0131d\u0131r. Sa\u00e7 k\u00fcsmesi, sa\u00e7 k\u00f6klerinin ge\u00e7ici bir dinlenme s\u00fcrecine girmesiyle olu\u015fur ve k\u00f6kler yerinde kald\u0131\u011f\u0131 s\u00fcrece sa\u00e7lar tekrar \u00e7\u0131kar. Ancak greft tutmamas\u0131, sa\u00e7 k\u00f6klerinin deri alt\u0131na yerle\u015fememesi ya da i\u015flem sonras\u0131 yerinden oynamas\u0131 nedeniyle kal\u0131c\u0131 olarak kaybedilmesi anlam\u0131na gelir. Greftlerin tutunmamas\u0131 durumunda o b\u00f6lgede hi\u00e7 sa\u00e7 \u00e7\u0131kmazken, sa\u00e7 k\u00fcsmesinde ge\u00e7ici d\u00f6k\u00fclmeden sonra yeni sa\u00e7 olu\u015fumu g\u00f6r\u00fcl\u00fcr.<\/p>\n<h3><span class=\"ez-toc-section\" id=\"Kusme_doneminde_sac_tirasi_yapilir_mi\"><\/span>K\u00fcsme d\u00f6neminde sa\u00e7 t\u0131ra\u015f\u0131 yap\u0131l\u0131r m\u0131?<span class=\"ez-toc-section-end\"><\/span><\/h3>\n<p>K\u00fcsme evresinde sa\u00e7 t\u0131ra\u015f\u0131 yapt\u0131rmak genellikle \u00f6nerilmez. \u00d6zellikle ekim yap\u0131lan b\u00f6lge hen\u00fcz iyile\u015fmemi\u015fse, t\u0131ra\u015f s\u0131ras\u0131nda k\u00f6klere zarar verilebilir. Bu s\u00fcre\u00e7te sa\u00e7 telleri \u00e7ok hassast\u0131r ve mekanik i\u015flemler, sa\u00e7 derisine travma yaratabilir. E\u011fer t\u0131ra\u015f zorunlu hale geldiyse mutlaka doktor onay\u0131 al\u0131nmal\u0131 ve yaln\u0131zca g\u00fcvenli bir y\u00f6ntemle, greftlere temas etmeyecek \u015fekilde i\u015flem yap\u0131lmal\u0131d\u0131r.<\/p>\n<h3><span class=\"ez-toc-section\" id=\"Kusme_doneminde_sac_dokulmesi_ne_kadar_olur\"><\/span>K\u00fcsme d\u00f6neminde sa\u00e7 d\u00f6k\u00fclmesi ne kadar olur?<span class=\"ez-toc-section-end\"><\/span><\/h3>\n<p>Sa\u00e7 k\u00fcsmesi s\u0131ras\u0131nda d\u00f6k\u00fclen sa\u00e7 miktar\u0131 ki\u015fiye g\u00f6re de\u011fi\u015fmekle birlikte, \u00e7o\u011fu hastada ekilen sa\u00e7lar\u0131n %70-90&#8217;\u0131 ge\u00e7ici olarak d\u00f6k\u00fcl\u00fcr. Baz\u0131 hastalarda mevcut sa\u00e7larda da incelme ve d\u00f6k\u00fclme g\u00f6r\u00fclebilir. Bu d\u00f6k\u00fclme genellikle b\u00f6lgesel olur ve birka\u00e7 hafta i\u00e7inde maksimum seviyeye ula\u015f\u0131r. Ancak sa\u00e7 k\u00f6kleri sa\u011flamsa, bu d\u00f6k\u00fclen sa\u00e7lar\u0131n yerine yenileri zamanla \u00e7\u0131kacakt\u0131r.<\/p>\n<h3><span class=\"ez-toc-section\" id=\"Kusme_evresinden_sonra_sac_daha_guclu_mu_cikar\"><\/span>K\u00fcsme evresinden sonra sa\u00e7 daha g\u00fc\u00e7l\u00fc m\u00fc \u00e7\u0131kar?<span class=\"ez-toc-section-end\"><\/span><\/h3>\n<p>Evet, k\u00fcsme evresinden sonra \u00e7\u0131kan sa\u00e7 telleri genellikle daha kal\u0131n ve g\u00fc\u00e7l\u00fc yap\u0131da olur. Bu durum sa\u00e7 k\u00f6klerinin dinlenme s\u00fcrecinden sonra daha sa\u011flam \u015fekilde \u00e7al\u0131\u015fmaya ba\u015flamas\u0131ndan kaynaklan\u0131r. \u00d6zellikle sa\u011fl\u0131kl\u0131 bir beslenme d\u00fczeni ve uygun takviyelerle desteklenen sa\u00e7 k\u00f6kleri, daha sa\u011fl\u0131kl\u0131, dayan\u0131kl\u0131 ve estetik a\u00e7\u0131dan tatmin edici sonu\u00e7lar verebilir. Sab\u0131rl\u0131 olmak ve k\u00f6klerin do\u011fal ritmine sayg\u0131 g\u00f6stermek, bu s\u00fcrecin ba\u015far\u0131s\u0131 i\u00e7in kilit rol oynar.<\/p>\n","protected":false},"excerpt":{"rendered":"<p>Sa\u00e7 ekimi sonras\u0131 iyile\u015fme s\u00fcreci ki\u015fiden ki\u015fiye farkl\u0131l\u0131k g\u00f6stermekle birlikte, bir\u00e7ok hasta i\u015flemden sonra belirli bir d\u00f6nemde \u201csa\u00e7 k\u00fcsmesi\u201d olarak bilinen ge\u00e7ici bir durumla kar\u015f\u0131la\u015fabilir. Bu terim, \u00f6zellikle sa\u00e7 ekiminden sonra hem ekilen hem de mevcut sa\u00e7lar\u0131n ge\u00e7ici olarak d\u00f6k\u00fclmesini tan\u0131mlamak i\u00e7in kullan\u0131l\u0131r. Sa\u00e7 k\u00fcsmesi, sa\u00e7 k\u00f6klerinin ya\u015fad\u0131\u011f\u0131 travmaya kar\u015f\u0131 verdi\u011fi do\u011fal bir tepki olup, [&hellip;]<\/p>\n","protected":false},"author":1,"featured_media":1703,"comment_status":"closed","ping_status":"closed","sticky":false,"template":"","format":"standard","meta":{"footnotes":""},"categories":[83],"tags":[],"class_list":["post-1674","post","type-post","status-publish","format-standard","has-post-thumbnail","hentry","category-sac-ekimi"],"_links":{"self":[{"href":"https:\/\/aslitarcanglobal.com\/tr\/wp-json\/wp\/v2\/posts\/1674","targetHints":{"allow":["GET"]}}],"collection":[{"href":"https:\/\/aslitarcanglobal.com\/tr\/wp-json\/wp\/v2\/posts"}],"about":[{"href":"https:\/\/aslitarcanglobal.com\/tr\/wp-json\/wp\/v2\/types\/post"}],"author":[{"embeddable":true,"href":"https:\/\/aslitarcanglobal.com\/tr\/wp-json\/wp\/v2\/users\/1"}],"replies":[{"embeddable":true,"href":"https:\/\/aslitarcanglobal.com\/tr\/wp-json\/wp\/v2\/comments?post=1674"}],"version-history":[{"count":1,"href":"https:\/\/aslitarcanglobal.com\/tr\/wp-json\/wp\/v2\/posts\/1674\/revisions"}],"predecessor-version":[{"id":1676,"href":"https:\/\/aslitarcanglobal.com\/tr\/wp-json\/wp\/v2\/posts\/1674\/revisions\/1676"}],"wp:featuredmedia":[{"embeddable":true,"href":"https:\/\/aslitarcanglobal.com\/tr\/wp-json\/wp\/v2\/media\/1703"}],"wp:attachment":[{"href":"https:\/\/aslitarcanglobal.com\/tr\/wp-json\/wp\/v2\/media?parent=1674"}],"wp:term":[{"taxonomy":"category","embeddable":true,"href":"https:\/\/aslitarcanglobal.com\/tr\/wp-json\/wp\/v2\/categories?post=1674"},{"taxonomy":"post_tag","embeddable":true,"href":"https:\/\/aslitarcanglobal.com\/tr\/wp-json\/wp\/v2\/tags?post=1674"}],"curies":[{"name":"wp","href":"https:\/\/api.w.org\/{rel}","templated":true}]}}